{"id":35115,"date":"2025-07-14T20:31:20","date_gmt":"2025-07-14T20:31:20","guid":{"rendered":"https:\/\/globalcablecenter.com\/?p=35115"},"modified":"2025-12-09T16:38:01","modified_gmt":"2025-12-09T16:38:01","slug":"slovenya-kablo-makarasi-ihracati","status":"publish","type":"post","link":"https:\/\/globalcablecenter.com\/tr\/blog\/slovenya-kablo-makarasi-ihracati\/","title":{"rendered":"SLOVENYA\u2019YA YEN\u0130 TESL\u0130MAT: ZEK\u0130 ALTYAPI MONTAJI \u0130\u00c7\u0130N KABLO MAKARALARI VE L T\u0130P MENHOL A\u011eIZ EK\u0130PMANLARI"},"content":{"rendered":"\t\t<div data-elementor-type=\"wp-post\" data-elementor-id=\"35115\" class=\"elementor elementor-35115 elementor-35110\" data-elementor-post-type=\"post\">\n\t\t\t\t<div class=\"wd-negative-gap elementor-element elementor-element-9ed6725 e-flex e-con-boxed e-con e-parent\" data-id=\"9ed6725\" data-element_type=\"container\" data-e-type=\"container\">\n\t\t\t\t\t<div class=\"e-con-inner\">\n\t\t\t\t<div class=\"elementor-element elementor-element-b548e1d elementor-widget elementor-widget-wd_text_block\" data-id=\"b548e1d\" data-element_type=\"widget\" data-e-type=\"widget\" data-widget_type=\"wd_text_block.default\">\n\t\t\t\t<div class=\"elementor-widget-container\">\n\t\t\t\t\t\t\t<div class=\"wd-text-block reset-last-child text-left\">\n\t\t\t\n\t\t\t<p style=\"line-height: 150%;\">Global Cable Center olarak, Orta Avrupa'n\u0131n kalbinde yer alan Slovenya\u2019ya ger\u00e7ekle\u015ftirdi\u011fimiz bir di\u011fer ba\u015far\u0131l\u0131 ihracat\u0131m\u0131z\u0131 payla\u015fmaktan memnuniyet duyuyoruz. Son sevkiyat\u0131m\u0131zda D\u00fcz Tip ve K\u00f6\u015fe Tip Kablo Makaralar\u0131 ile birlikte L Tipi Menhol A\u011f\u0131z Ekipman\u0131 Slovenya\u2019ya g\u00f6nderildi. Bu ekipmanlar, yakla\u015fan yer alt\u0131 kablo d\u00f6\u015feme \u00e7al\u0131\u015fmalar\u0131n\u0131 destekleyecek.<\/p><p style=\"line-height: 150%;\" data-start=\"537\" data-end=\"741\">Bu ara\u00e7lar, kablo y\u00f6nlendirmesindeki de\u011fi\u015fimleri y\u00f6netmek, s\u00fcrt\u00fcnmeyi azaltmak ve montaj s\u0131ras\u0131nda g\u00fcvenli\u011fi ve verimlili\u011fi art\u0131rmak i\u00e7in hayati \u00f6neme sahiptir \u2014 \u00f6zellikle \u015fehir i\u00e7i ve sanayi alanlar\u0131nda.<\/p>\n\t\t\t\t\t<\/div>\n\t\t\t\t\t\t<\/div>\n\t\t\t\t<\/div>\n\t\t\t\t\t<\/div>\n\t\t\t\t<\/div>\n\t\t<div class=\"wd-negative-gap elementor-element elementor-element-30efc1c e-flex e-con-boxed e-con e-parent\" data-id=\"30efc1c\" data-element_type=\"container\" data-e-type=\"container\">\n\t\t\t\t\t<div class=\"e-con-inner\">\n\t\t\t\t<div class=\"elementor-element elementor-element-a27ae25 wd-width-100 elementor-widget elementor-widget-wd_title\" data-id=\"a27ae25\" data-element_type=\"widget\" data-e-type=\"widget\" data-widget_type=\"wd_title.default\">\n\t\t\t\t<div class=\"elementor-widget-container\">\n\t\t\t\t\t\t\t<div class=\"title-wrapper wd-set-mb reset-last-child wd-title-color-default wd-title-style-default wd-title-size-default text-center\">\n\n\t\t\t\n\t\t\t<div class=\"liner-continer\">\n\t\t\t\t<h4 class=\"woodmart-title-container title wd-fontsize-l\">SEVK\u0130YATTA NELER VAR?<\/h4> \n\t\t\t\t\t\t\t<\/div>\n\n\t\t\t\t\t<\/div>\n\t\t\t\t\t\t<\/div>\n\t\t\t\t<\/div>\n\t\t\t\t\t<\/div>\n\t\t\t\t<\/div>\n\t\t<div class=\"wd-negative-gap elementor-element elementor-element-9806977 e-flex e-con-boxed e-con e-parent\" data-id=\"9806977\" data-element_type=\"container\" data-e-type=\"container\">\n\t\t\t\t\t<div class=\"e-con-inner\">\n\t\t\t\t<div class=\"elementor-element elementor-element-2ba3b09 elementor-widget elementor-widget-wd_text_block\" data-id=\"2ba3b09\" data-element_type=\"widget\" data-e-type=\"widget\" data-widget_type=\"wd_text_block.default\">\n\t\t\t\t<div class=\"elementor-widget-container\">\n\t\t\t\t\t\t\t<div class=\"wd-text-block reset-last-child text-left\">\n\t\t\t\n\t\t\t<p>\ud83d\udd39 <strong data-start=\"774\" data-end=\"802\">D\u00fcz Tip Kablo Makaralar\u0131<\/strong> \u2013 Farkl\u0131 y\u00fczeylerde do\u011frusal kablo d\u00f6\u015femeleri i\u00e7in tasarlanm\u0131\u015ft\u0131r. S\u00fcrt\u00fcnmeyi minimuma indirir ve kablonun yap\u0131s\u0131n\u0131 korur.<\/p><p>\ud83d\udd39 <strong data-start=\"931\" data-end=\"960\">K\u00f6\u015fe Tip Kablo Makaralar\u0131<\/strong> \u2013 90\u00b0 d\u00f6n\u00fc\u015fler i\u00e7in \u00f6zel olarak \u00fcretilmi\u015ftir. Sa\u011flam yap\u0131lar\u0131 sayesinde kablolar\u0131n keskin k\u00f6\u015felerden zarar g\u00f6rmeden ge\u00e7mesini sa\u011flar.<\/p><p>\ud83d\udd39 <strong data-start=\"1100\" data-end=\"1153\">L Tipi Menhol A\u011f\u0131z Makaras\u0131 (4 Konik Boru A\u011f\u0131zl\u0131)<\/strong> \u2013 Kablolar\u0131n menhollere g\u00fcvenli bir \u015fekilde y\u00f6nlendirilmesini sa\u011flar. D\u00f6rt adet konik boru a\u011fz\u0131 sayesinde giri\u015f a\u00e7\u0131lar\u0131 g\u00fcvenli hale getirilir, gerilim azalt\u0131l\u0131r ve karma\u015f\u0131k yer alt\u0131 d\u00fczenlerinde dahi etkili kullan\u0131m sa\u011flan\u0131r.<\/p>\n\t\t\t\t\t<\/div>\n\t\t\t\t\t\t<\/div>\n\t\t\t\t<\/div>\n\t\t\t\t<div class=\"elementor-element elementor-element-3cfef81 wd-width-100 elementor-widget elementor-widget-wd_title\" data-id=\"3cfef81\" data-element_type=\"widget\" data-e-type=\"widget\" data-widget_type=\"wd_title.default\">\n\t\t\t\t<div class=\"elementor-widget-container\">\n\t\t\t\t\t\t\t<div class=\"title-wrapper wd-set-mb reset-last-child wd-title-color-default wd-title-style-default wd-title-size-default text-center\">\n\n\t\t\t\n\t\t\t<div class=\"liner-continer\">\n\t\t\t\t<h4 class=\"woodmart-title-container title wd-fontsize-l\">BU EK\u0130PMAN NEDEN \u00d6NEML\u0130?<\/h4> \n\t\t\t\t\t\t\t<\/div>\n\n\t\t\t\t\t<\/div>\n\t\t\t\t\t\t<\/div>\n\t\t\t\t<\/div>\n\t\t\t\t\t<\/div>\n\t\t\t\t<\/div>\n\t\t<div class=\"wd-negative-gap elementor-element elementor-element-58792e3 e-flex e-con-boxed e-con e-parent\" data-id=\"58792e3\" data-element_type=\"container\" data-e-type=\"container\">\n\t\t\t\t\t<div class=\"e-con-inner\">\n\t\t\t\t<div class=\"elementor-element elementor-element-bb0ed8d elementor-widget elementor-widget-wd_text_block\" data-id=\"bb0ed8d\" data-element_type=\"widget\" data-e-type=\"widget\" data-widget_type=\"wd_text_block.default\">\n\t\t\t\t<div class=\"elementor-widget-container\">\n\t\t\t\t\t\t\t<div class=\"wd-text-block reset-last-child text-left\">\n\t\t\t\n\t\t\t<p style=\"line-height: 150%;\">\u00d6zellikle \u015fehir i\u00e7i kablo d\u00f6\u015femelerinde hem hassasiyet hem de dayan\u0131kl\u0131l\u0131k gerekir. T\u00fcrkiye\u2019de galvanizli \u00e7elikten, a\u011f\u0131r hizmet tipi rulmanlarla ve ergonomik tasar\u0131mlarla \u00fcretti\u011fimiz makaralar ve menhol ekipmanlar\u0131, d\u00fc\u015f\u00fck bak\u0131m ihtiyac\u0131 ile uzun \u00f6m\u00fcrl\u00fc performans sunar.<\/p><p style=\"line-height: 150%;\" data-start=\"1685\" data-end=\"1871\">\u0130ster enerji da\u011f\u0131t\u0131m\u0131, ister fiber optik, isterse telekom altyap\u0131s\u0131 i\u00e7in olsun, bu ara\u00e7lar Slovenya\u2019daki y\u00fcklenicilerin projelerini zaman\u0131nda ve g\u00fcvenle tamamlamas\u0131na yard\u0131mc\u0131 olacakt\u0131r.<\/p>\n\t\t\t\t\t<\/div>\n\t\t\t\t\t\t<\/div>\n\t\t\t\t<\/div>\n\t\t\t\t\t<\/div>\n\t\t\t\t<\/div>\n\t\t<div class=\"wd-negative-gap elementor-element elementor-element-16e3e4f e-flex e-con-boxed e-con e-parent\" data-id=\"16e3e4f\" data-element_type=\"container\" data-e-type=\"container\">\n\t\t\t\t\t<div class=\"e-con-inner\">\n\t\t\t\t<div class=\"elementor-element elementor-element-19190d7 wd-width-100 elementor-widget elementor-widget-wd_title\" data-id=\"19190d7\" data-element_type=\"widget\" data-e-type=\"widget\" data-widget_type=\"wd_title.default\">\n\t\t\t\t<div class=\"elementor-widget-container\">\n\t\t\t\t\t\t\t<div class=\"title-wrapper wd-set-mb reset-last-child wd-title-color-default wd-title-style-default wd-title-size-default text-center\">\n\n\t\t\t\n\t\t\t<div class=\"liner-continer\">\n\t\t\t\t<h4 class=\"woodmart-title-container title wd-fontsize-l\">K\u00dcRESEL PROJELERDE KANITLANMI\u015e EK\u0130PMANLAR<\/h4> \n\t\t\t\t\t\t\t<\/div>\n\n\t\t\t\t\t<\/div>\n\t\t\t\t\t\t<\/div>\n\t\t\t\t<\/div>\n\t\t\t\t\t<\/div>\n\t\t\t\t<\/div>\n\t\t<div class=\"wd-negative-gap elementor-element elementor-element-2a50374 e-flex e-con-boxed e-con e-parent\" data-id=\"2a50374\" data-element_type=\"container\" data-e-type=\"container\">\n\t\t\t\t\t<div class=\"e-con-inner\">\n\t\t\t\t<div class=\"elementor-element elementor-element-5536ba8 elementor-widget elementor-widget-wd_text_block\" data-id=\"5536ba8\" data-element_type=\"widget\" data-e-type=\"widget\" data-widget_type=\"wd_text_block.default\">\n\t\t\t\t<div class=\"elementor-widget-container\">\n\t\t\t\t\t\t\t<div class=\"wd-text-block reset-last-child text-left\">\n\t\t\t\n\t\t\t<p>Global Cable Center olarak Avrupa\u2019dan Orta Do\u011fu\u2019ya ve \u00f6tesine uzanan 15\u2019ten fazla \u00fclkede g\u00fcvenilir i\u015f orta\u011f\u0131y\u0131z. Kablo d\u00f6\u015feme \u00e7\u00f6z\u00fcmlerimiz, altyap\u0131 projelerinde \u00e7al\u0131\u015fan y\u00fckleniciler, belediyeler ve kamu hizmeti sa\u011flay\u0131c\u0131lar\u0131 taraf\u0131ndan kullan\u0131lmaktad\u0131r.<\/p><p data-start=\"2181\" data-end=\"2541\">\ud83c\udf0d Gururla ihracat yapt\u0131\u011f\u0131m\u0131z \u00fclkeler:<br data-start=\"2219\" data-end=\"2222\" \/>\ud83c\udde6\ud83c\uddff Azerbaycan \u2022 \ud83c\udde6\ud83c\uddf8 Amerikan Samoas\u0131 \u2022 \ud83c\udde7\ud83c\uddea Bel\u00e7ika \u2022 \ud83c\udde9\ud83c\uddea Almanya \u2022 \ud83c\uddec\ud83c\uddf7 Yunanistan \u2022 \ud83c\uddee\ud83c\uddf9 \u0130talya \u2022 \ud83c\uddf0\ud83c\uddff Kazakistan \u2022 \ud83c\uddfd\ud83c\uddf0 Kosova \u2022 \ud83c\uddf3\ud83c\uddf1 Hollanda \u2022 \ud83c\uddf6\ud83c\udde6 Katar \u2022 \ud83c\uddf7\ud83c\uddf4 Romanya \u2022 \ud83c\uddf7\ud83c\uddf8 S\u0131rbistan \u2022 \ud83c\uddf8\ud83c\udde6 Suudi Arabistan \u2022 \ud83c\uddf8\ud83c\uddee Slovenya \u2022 \ud83c\uddfa\ud83c\uddf8 Amerika Birle\u015fik Devletleri \u2022 \ud83c\uddfa\ud83c\uddff \u00d6zbekistan \u2022 \ud83c\udde6\ud83c\uddea Birle\u015fik Arap Emirlikleri<\/p>\n\t\t\t\t\t<\/div>\n\t\t\t\t\t\t<\/div>\n\t\t\t\t<\/div>\n\t\t\t\t\t<\/div>\n\t\t\t\t<\/div>\n\t\t<div class=\"wd-negative-gap elementor-element elementor-element-3e25bc4 e-flex e-con-boxed e-con e-parent\" data-id=\"3e25bc4\" data-element_type=\"container\" data-e-type=\"container\">\n\t\t\t\t\t<div class=\"e-con-inner\">\n\t\t\t\t<div class=\"elementor-element elementor-element-947fafb wd-width-100 elementor-widget elementor-widget-wd_title\" data-id=\"947fafb\" data-element_type=\"widget\" data-e-type=\"widget\" data-widget_type=\"wd_title.default\">\n\t\t\t\t<div class=\"elementor-widget-container\">\n\t\t\t\t\t\t\t<div class=\"title-wrapper wd-set-mb reset-last-child wd-title-color-default wd-title-style-default wd-title-size-default text-center\">\n\n\t\t\t\n\t\t\t<div class=\"liner-continer\">\n\t\t\t\t<h4 class=\"woodmart-title-container title wd-fontsize-l\">B\u0130R SONRAK\u0130 PROJEN\u0130ZE HAZIR MIYIZ?<\/h4> \n\t\t\t\t\t\t\t<\/div>\n\n\t\t\t\t\t<\/div>\n\t\t\t\t\t\t<\/div>\n\t\t\t\t<\/div>\n\t\t\t\t\t<\/div>\n\t\t\t\t<\/div>\n\t\t<div class=\"wd-negative-gap elementor-element elementor-element-72bae22 e-flex e-con-boxed e-con e-parent\" data-id=\"72bae22\" data-element_type=\"container\" data-e-type=\"container\">\n\t\t\t\t\t<div class=\"e-con-inner\">\n\t\t\t\t<div class=\"elementor-element elementor-element-55b8522 elementor-widget elementor-widget-wd_text_block\" data-id=\"55b8522\" data-element_type=\"widget\" data-e-type=\"widget\" data-widget_type=\"wd_text_block.default\">\n\t\t\t\t<div class=\"elementor-widget-container\">\n\t\t\t\t\t\t\t<div class=\"wd-text-block reset-last-child text-left\">\n\t\t\t\n\t\t\t<p>\u0130ster \u00f6zel tasar\u0131m makaralar, ister hidrolik r\u00f6morklar, isterse tam \u00e7ekme sistemleri ar\u0131yor olun \u2014 size yard\u0131mc\u0131 olmak i\u00e7in buraday\u0131z. Sahada kullan\u0131ma haz\u0131r sa\u011flam ekipmanlar\u0131m\u0131z, h\u0131zl\u0131 destek ve uluslararas\u0131 g\u00f6nderimle birlikte gelir.<\/p><p>\ud83d\udcf2 <strong>WhatsApp:<\/strong> (+90) 543 578 7323<\/p><p>\u2709\ufe0f <strong>E-posta<\/strong><strong>:<\/strong> <a href=\"mailto:sa***@***************er.com\" data-original-string=\"hZtG38wgpI\/42uJoODObWw==ef5QcO8jSKZ8wc1BnyJpf3eoGC\/foZwfCqVxsxErOf6f9A=\" title=\"This contact has been encoded by Anti-Spam by CleanTalk. Click to decode. To finish the decoding make sure that JavaScript is enabled in your browser.\"><span \n                data-original-string='TobToBVnSUuYaAlN2ukk5w==ef5ZJcJouwemURzNUT0F6ogjjIkb3E2ceoZDxQ2BgZsLO8='\n                class='apbct-email-encoder'\n                title='This contact has been encoded by Anti-Spam by CleanTalk. Click to decode. To finish the decoding make sure that JavaScript is enabled in your browser.'>sa<span class=\"apbct-blur\">***<\/span>@<span class=\"apbct-blur\">***************<\/span>er.com<\/span><\/a><\/p><p>\ud83d\udd35 <strong>Facebook<\/strong>: <a href=\"https:\/\/www.facebook.com\/people\/Global-Cable-Center\/61564910414084\/?_rdr\">Global Cable Center<\/a><\/p><p>\ud83d\udcf8 <strong>Instagram<\/strong>: <a href=\"https:\/\/www.instagram.com\/globalcablecenter\">@globalcablecenter<\/a><\/p><p>\ud83c\udfb5 <strong>TikTok<\/strong>: <a href=\"https:\/\/www.tiktok.com\/@gccglobalcablecenter\">@gccglobalcablecenter<\/a><\/p><p>\u25b6\ufe0f <strong>YouTube<\/strong>: <a href=\"https:\/\/www.youtube.com\/@GlobalCableCenter\/shorts\">@GlobalCableCenter<\/a><\/p>\n\t\t\t\t\t<\/div>\n\t\t\t\t\t\t<\/div>\n\t\t\t\t<\/div>\n\t\t\t\t\t<\/div>\n\t\t\t\t<\/div>\n\t\t<div class=\"wd-negative-gap elementor-element elementor-element-e5a302c e-flex e-con-boxed e-con e-parent\" data-id=\"e5a302c\" data-element_type=\"container\" data-e-type=\"container\">\n\t\t\t\t\t<div class=\"e-con-inner\">\n\t\t\t\t<div class=\"elementor-element elementor-element-3d208dc wd-width-100 elementor-widget elementor-widget-wd_title\" data-id=\"3d208dc\" data-element_type=\"widget\" data-e-type=\"widget\" data-widget_type=\"wd_title.default\">\n\t\t\t\t<div class=\"elementor-widget-container\">\n\t\t\t\t\t\t\t<div class=\"title-wrapper wd-set-mb reset-last-child wd-title-color-default wd-title-style-default wd-title-size-default text-center\">\n\n\t\t\t\n\t\t\t<div class=\"liner-continer\">\n\t\t\t\t<h4 class=\"woodmart-title-container title wd-fontsize-l\">GLOBAL CABLE CENTER<\/h4> \n\t\t\t\t\t\t\t<\/div>\n\n\t\t\t\t\t\t\t<div class=\"title-after_title reset-last-child wd-fontsize-xs\">\n\t\t\t\t\t<h5><em>Yenilik, Liderlik ve K\u00fcreselle\u015fme!<\/em><\/h5>\t\t\t\t<\/div>\n\t\t\t\t\t<\/div>\n\t\t\t\t\t\t<\/div>\n\t\t\t\t<\/div>\n\t\t\t\t\t<\/div>\n\t\t\t\t<\/div>\n\t\t\t\t<\/div>\n\t\t","protected":false},"excerpt":{"rendered":"<p>Global Cable Center olarak, Orta Avrupa&#8217;n\u0131n kalbinde yer alan Slovenya\u2019ya ger\u00e7ekle\u015ftirdi\u011fimiz bir di\u011fer ba\u015far\u0131l\u0131 ihracat\u0131m\u0131z\u0131 payla\u015fmaktan memnuniyet duyuyoruz. Son sevkiyat\u0131m\u0131zda<\/p>\n","protected":false},"author":1,"featured_media":35082,"comment_status":"closed","ping_status":"closed","sticky":false,"template":"","format":"standard","meta":{"footnotes":""},"categories":[203],"tags":[446,444,387,441,445,443,438,378,436,440,439,437,442,447],"class_list":["post-35115","post","type-post","status-publish","format-standard","has-post-thumbnail","hentry","category-ihracatin-one-cikanlari","tag-agir-hizmet-tipi-kablo-makaralari-ihracati","tag-dayanikli-kablo-makaralari","tag-duz-tip-kablo-makaralari","tag-enerji-ve-telekom-icin-kablo-makaralari","tag-global-cable-center-slovenya","tag-kablo-cekme-aksesuarlari","tag-kablo-yonlendirme-makaralari","tag-kose-tip-kablo-makaralari","tag-l-tip-menhol-giris-ekipmani","tag-menhol-kablo-giris-aparatlari","tag-slovenya-kablo-doseme-ekipmanlari","tag-slovenyaya-kablo-makarasi-ihracati","tag-turk-kablo-ekipman-ureticisi","tag-yer-alti-kablo-doseme-ekipmanlari"],"yoast_head":"<!-- This site is optimized with the Yoast SEO plugin v27.2 - https:\/\/yoast.com\/product\/yoast-seo-wordpress\/ -->\n<title>Slovenya Kablo Makaras\u0131 \u0130hracat\u0131 | Global Cable Center<\/title>\n<meta name=\"description\" content=\"Slovenya\u2019ya kablo makaras\u0131 ihracat\u0131: d\u00fcz ve k\u00f6\u015fe tip makaralar ile L-tip menhol makaras\u0131, d\u00fc\u015f\u00fck s\u00fcrt\u00fcnme ve g\u00fcvenli yeralt\u0131 kablo d\u00f6\u015feme i\u00e7in \u00fcretildi.\" \/>\n<meta name=\"robots\" content=\"index, follow, max-snippet:-1, max-image-preview:large, max-video-preview:-1\" \/>\n<link rel=\"canonical\" href=\"https:\/\/globalcablecenter.com\/tr\/blog\/slovenya-kablo-makarasi-ihracati\/\" \/>\n<meta property=\"og:locale\" content=\"tr_TR\" \/>\n<meta property=\"og:type\" content=\"article\" \/>\n<meta property=\"og:title\" content=\"Slovenya Kablo Makaras\u0131 \u0130hracat\u0131 | Global Cable Center\" \/>\n<meta property=\"og:description\" content=\"Slovenya\u2019ya kablo makaras\u0131 ihracat\u0131: d\u00fcz ve k\u00f6\u015fe tip makaralar ile L-tip menhol makaras\u0131, d\u00fc\u015f\u00fck s\u00fcrt\u00fcnme ve g\u00fcvenli yeralt\u0131 kablo d\u00f6\u015feme i\u00e7in \u00fcretildi.\" \/>\n<meta property=\"og:url\" content=\"https:\/\/globalcablecenter.com\/tr\/blog\/slovenya-kablo-makarasi-ihracati\/\" \/>\n<meta property=\"og:site_name\" content=\"GCC - Global Cable Center\" \/>\n<meta property=\"article:published_time\" content=\"2025-07-14T20:31:20+00:00\" \/>\n<meta property=\"article:modified_time\" content=\"2025-12-09T16:38:01+00:00\" \/>\n<meta property=\"og:image\" content=\"https:\/\/globalcablecenter.com\/wp-content\/uploads\/2025\/07\/Slovenia.jpg\" \/>\n\t<meta property=\"og:image:width\" content=\"1290\" \/>\n\t<meta property=\"og:image:height\" content=\"1612\" \/>\n\t<meta property=\"og:image:type\" content=\"image\/jpeg\" \/>\n<meta name=\"author\" content=\"globalcablecenter\" \/>\n<meta name=\"twitter:card\" content=\"summary_large_image\" \/>\n<meta name=\"twitter:label1\" content=\"Yazan:\" \/>\n\t<meta name=\"twitter:data1\" content=\"globalcablecenter\" \/>\n\t<meta name=\"twitter:label2\" content=\"Tahmini okuma s\u00fcresi\" \/>\n\t<meta name=\"twitter:data2\" content=\"2 dakika\" \/>\n<script type=\"application\/ld+json\" class=\"yoast-schema-graph\">{\"@context\":\"https:\/\/schema.org\",\"@graph\":[{\"@type\":\"Article\",\"@id\":\"https:\/\/globalcablecenter.com\/tr\/blog\/slovenya-kablo-makarasi-ihracati\/#article\",\"isPartOf\":{\"@id\":\"https:\/\/globalcablecenter.com\/tr\/blog\/slovenya-kablo-makarasi-ihracati\/\"},\"author\":{\"name\":\"globalcablecenter\",\"@id\":\"https:\/\/globalcablecenter.com\/#\/schema\/person\/9c3515bc62df0ad27e6d1e1297c51d24\"},\"headline\":\"SLOVENYA\u2019YA YEN\u0130 TESL\u0130MAT: ZEK\u0130 ALTYAPI MONTAJI \u0130\u00c7\u0130N KABLO MAKARALARI VE L T\u0130P MENHOL A\u011eIZ EK\u0130PMANLARI\",\"datePublished\":\"2025-07-14T20:31:20+00:00\",\"dateModified\":\"2025-12-09T16:38:01+00:00\",\"mainEntityOfPage\":{\"@id\":\"https:\/\/globalcablecenter.com\/tr\/blog\/slovenya-kablo-makarasi-ihracati\/\"},\"wordCount\":492,\"image\":{\"@id\":\"https:\/\/globalcablecenter.com\/tr\/blog\/slovenya-kablo-makarasi-ihracati\/#primaryimage\"},\"thumbnailUrl\":\"https:\/\/globalcablecenter.com\/wp-content\/uploads\/2025\/07\/Slovenia.jpg\",\"keywords\":[\"a\u011f\u0131r hizmet tipi kablo makaralar\u0131 ihracat\u0131\",\"dayan\u0131kl\u0131 kablo makaralar\u0131\",\"d\u00fcz tip kablo makaralar\u0131\",\"enerji ve telekom i\u00e7in kablo makaralar\u0131\",\"Global Cable Center Slovenya\",\"kablo \u00e7ekme aksesuarlar\u0131\",\"kablo y\u00f6nlendirme makaralar\u0131\",\"k\u00f6\u015fe tip kablo makaralar\u0131\",\"L tip menhol giri\u015f ekipman\u0131\",\"menhol kablo giri\u015f aparatlar\u0131\",\"Slovenya kablo d\u00f6\u015feme ekipmanlar\u0131\",\"Slovenya\u2019ya kablo makaras\u0131 ihracat\u0131\",\"T\u00fcrk kablo ekipman \u00fcreticisi\",\"yer alt\u0131 kablo d\u00f6\u015feme ekipmanlar\u0131\"],\"articleSection\":[\"\u0130hracat\u0131n \u00d6ne \u00c7\u0131kanlar\u0131\"],\"inLanguage\":\"tr\"},{\"@type\":\"WebPage\",\"@id\":\"https:\/\/globalcablecenter.com\/tr\/blog\/slovenya-kablo-makarasi-ihracati\/\",\"url\":\"https:\/\/globalcablecenter.com\/tr\/blog\/slovenya-kablo-makarasi-ihracati\/\",\"name\":\"Slovenya Kablo Makaras\u0131 \u0130hracat\u0131 | Global Cable Center\",\"isPartOf\":{\"@id\":\"https:\/\/globalcablecenter.com\/#website\"},\"primaryImageOfPage\":{\"@id\":\"https:\/\/globalcablecenter.com\/tr\/blog\/slovenya-kablo-makarasi-ihracati\/#primaryimage\"},\"image\":{\"@id\":\"https:\/\/globalcablecenter.com\/tr\/blog\/slovenya-kablo-makarasi-ihracati\/#primaryimage\"},\"thumbnailUrl\":\"https:\/\/globalcablecenter.com\/wp-content\/uploads\/2025\/07\/Slovenia.jpg\",\"datePublished\":\"2025-07-14T20:31:20+00:00\",\"dateModified\":\"2025-12-09T16:38:01+00:00\",\"author\":{\"@id\":\"https:\/\/globalcablecenter.com\/#\/schema\/person\/9c3515bc62df0ad27e6d1e1297c51d24\"},\"description\":\"Slovenya\u2019ya kablo makaras\u0131 ihracat\u0131: d\u00fcz ve k\u00f6\u015fe tip makaralar ile L-tip menhol makaras\u0131, d\u00fc\u015f\u00fck s\u00fcrt\u00fcnme ve g\u00fcvenli yeralt\u0131 kablo d\u00f6\u015feme i\u00e7in \u00fcretildi.\",\"breadcrumb\":{\"@id\":\"https:\/\/globalcablecenter.com\/tr\/blog\/slovenya-kablo-makarasi-ihracati\/#breadcrumb\"},\"inLanguage\":\"tr\",\"potentialAction\":[{\"@type\":\"ReadAction\",\"target\":[\"https:\/\/globalcablecenter.com\/tr\/blog\/slovenya-kablo-makarasi-ihracati\/\"]}]},{\"@type\":\"ImageObject\",\"inLanguage\":\"tr\",\"@id\":\"https:\/\/globalcablecenter.com\/tr\/blog\/slovenya-kablo-makarasi-ihracati\/#primaryimage\",\"url\":\"https:\/\/globalcablecenter.com\/wp-content\/uploads\/2025\/07\/Slovenia.jpg\",\"contentUrl\":\"https:\/\/globalcablecenter.com\/wp-content\/uploads\/2025\/07\/Slovenia.jpg\",\"width\":1290,\"height\":1612},{\"@type\":\"BreadcrumbList\",\"@id\":\"https:\/\/globalcablecenter.com\/tr\/blog\/slovenya-kablo-makarasi-ihracati\/#breadcrumb\",\"itemListElement\":[{\"@type\":\"ListItem\",\"position\":1,\"name\":\"Ana Sayfa\",\"item\":\"https:\/\/globalcablecenter.com\/\"},{\"@type\":\"ListItem\",\"position\":2,\"name\":\"SLOVENYA\u2019YA YEN\u0130 TESL\u0130MAT: ZEK\u0130 ALTYAPI MONTAJI \u0130\u00c7\u0130N KABLO MAKARALARI VE L T\u0130P MENHOL A\u011eIZ EK\u0130PMANLARI\"}]},{\"@type\":\"WebSite\",\"@id\":\"https:\/\/globalcablecenter.com\/#website\",\"url\":\"https:\/\/globalcablecenter.com\/\",\"name\":\"GCC - Global Cable Center\",\"description\":\"Global Solutions for Cable Installation\",\"potentialAction\":[{\"@type\":\"SearchAction\",\"target\":{\"@type\":\"EntryPoint\",\"urlTemplate\":\"https:\/\/globalcablecenter.com\/?s={search_term_string}\"},\"query-input\":{\"@type\":\"PropertyValueSpecification\",\"valueRequired\":true,\"valueName\":\"search_term_string\"}}],\"inLanguage\":\"tr\"},{\"@type\":\"Person\",\"@id\":\"https:\/\/globalcablecenter.com\/#\/schema\/person\/9c3515bc62df0ad27e6d1e1297c51d24\",\"name\":\"globalcablecenter\",\"image\":{\"@type\":\"ImageObject\",\"inLanguage\":\"tr\",\"@id\":\"https:\/\/secure.gravatar.com\/avatar\/f36f2f727bcdacf0948769e1274b32c4da0d353f2536c1d104ec2b6fcca37e19?s=96&d=mm&r=g\",\"url\":\"https:\/\/secure.gravatar.com\/avatar\/f36f2f727bcdacf0948769e1274b32c4da0d353f2536c1d104ec2b6fcca37e19?s=96&d=mm&r=g\",\"contentUrl\":\"https:\/\/secure.gravatar.com\/avatar\/f36f2f727bcdacf0948769e1274b32c4da0d353f2536c1d104ec2b6fcca37e19?s=96&d=mm&r=g\",\"caption\":\"globalcablecenter\"},\"sameAs\":[\"https:\/\/globalcablecenter.com\"],\"url\":\"https:\/\/globalcablecenter.com\/tr\/blog\/author\/globalcable\/\"}]}<\/script>\n<!-- \/ Yoast SEO plugin. -->","yoast_head_json":{"title":"Slovenya Kablo Makaras\u0131 \u0130hracat\u0131 | Global Cable Center","description":"Slovenya\u2019ya kablo makaras\u0131 ihracat\u0131: d\u00fcz ve k\u00f6\u015fe tip makaralar ile L-tip menhol makaras\u0131, d\u00fc\u015f\u00fck s\u00fcrt\u00fcnme ve g\u00fcvenli yeralt\u0131 kablo d\u00f6\u015feme i\u00e7in \u00fcretildi.","robots":{"index":"index","follow":"follow","max-snippet":"max-snippet:-1","max-image-preview":"max-image-preview:large","max-video-preview":"max-video-preview:-1"},"canonical":"https:\/\/globalcablecenter.com\/tr\/blog\/slovenya-kablo-makarasi-ihracati\/","og_locale":"tr_TR","og_type":"article","og_title":"Slovenya Kablo Makaras\u0131 \u0130hracat\u0131 | Global Cable Center","og_description":"Slovenya\u2019ya kablo makaras\u0131 ihracat\u0131: d\u00fcz ve k\u00f6\u015fe tip makaralar ile L-tip menhol makaras\u0131, d\u00fc\u015f\u00fck s\u00fcrt\u00fcnme ve g\u00fcvenli yeralt\u0131 kablo d\u00f6\u015feme i\u00e7in \u00fcretildi.","og_url":"https:\/\/globalcablecenter.com\/tr\/blog\/slovenya-kablo-makarasi-ihracati\/","og_site_name":"GCC - Global Cable Center","article_published_time":"2025-07-14T20:31:20+00:00","article_modified_time":"2025-12-09T16:38:01+00:00","og_image":[{"width":1290,"height":1612,"url":"https:\/\/globalcablecenter.com\/wp-content\/uploads\/2025\/07\/Slovenia.jpg","type":"image\/jpeg"}],"author":"globalcablecenter","twitter_card":"summary_large_image","twitter_misc":{"Yazan:":"globalcablecenter","Tahmini okuma s\u00fcresi":"2 dakika"},"schema":{"@context":"https:\/\/schema.org","@graph":[{"@type":"Article","@id":"https:\/\/globalcablecenter.com\/tr\/blog\/slovenya-kablo-makarasi-ihracati\/#article","isPartOf":{"@id":"https:\/\/globalcablecenter.com\/tr\/blog\/slovenya-kablo-makarasi-ihracati\/"},"author":{"name":"globalcablecenter","@id":"https:\/\/globalcablecenter.com\/#\/schema\/person\/9c3515bc62df0ad27e6d1e1297c51d24"},"headline":"SLOVENYA\u2019YA YEN\u0130 TESL\u0130MAT: ZEK\u0130 ALTYAPI MONTAJI \u0130\u00c7\u0130N KABLO MAKARALARI VE L T\u0130P MENHOL A\u011eIZ EK\u0130PMANLARI","datePublished":"2025-07-14T20:31:20+00:00","dateModified":"2025-12-09T16:38:01+00:00","mainEntityOfPage":{"@id":"https:\/\/globalcablecenter.com\/tr\/blog\/slovenya-kablo-makarasi-ihracati\/"},"wordCount":492,"image":{"@id":"https:\/\/globalcablecenter.com\/tr\/blog\/slovenya-kablo-makarasi-ihracati\/#primaryimage"},"thumbnailUrl":"https:\/\/globalcablecenter.com\/wp-content\/uploads\/2025\/07\/Slovenia.jpg","keywords":["a\u011f\u0131r hizmet tipi kablo makaralar\u0131 ihracat\u0131","dayan\u0131kl\u0131 kablo makaralar\u0131","d\u00fcz tip kablo makaralar\u0131","enerji ve telekom i\u00e7in kablo makaralar\u0131","Global Cable Center Slovenya","kablo \u00e7ekme aksesuarlar\u0131","kablo y\u00f6nlendirme makaralar\u0131","k\u00f6\u015fe tip kablo makaralar\u0131","L tip menhol giri\u015f ekipman\u0131","menhol kablo giri\u015f aparatlar\u0131","Slovenya kablo d\u00f6\u015feme ekipmanlar\u0131","Slovenya\u2019ya kablo makaras\u0131 ihracat\u0131","T\u00fcrk kablo ekipman \u00fcreticisi","yer alt\u0131 kablo d\u00f6\u015feme ekipmanlar\u0131"],"articleSection":["\u0130hracat\u0131n \u00d6ne \u00c7\u0131kanlar\u0131"],"inLanguage":"tr"},{"@type":"WebPage","@id":"https:\/\/globalcablecenter.com\/tr\/blog\/slovenya-kablo-makarasi-ihracati\/","url":"https:\/\/globalcablecenter.com\/tr\/blog\/slovenya-kablo-makarasi-ihracati\/","name":"Slovenya Kablo Makaras\u0131 \u0130hracat\u0131 | Global Cable Center","isPartOf":{"@id":"https:\/\/globalcablecenter.com\/#website"},"primaryImageOfPage":{"@id":"https:\/\/globalcablecenter.com\/tr\/blog\/slovenya-kablo-makarasi-ihracati\/#primaryimage"},"image":{"@id":"https:\/\/globalcablecenter.com\/tr\/blog\/slovenya-kablo-makarasi-ihracati\/#primaryimage"},"thumbnailUrl":"https:\/\/globalcablecenter.com\/wp-content\/uploads\/2025\/07\/Slovenia.jpg","datePublished":"2025-07-14T20:31:20+00:00","dateModified":"2025-12-09T16:38:01+00:00","author":{"@id":"https:\/\/globalcablecenter.com\/#\/schema\/person\/9c3515bc62df0ad27e6d1e1297c51d24"},"description":"Slovenya\u2019ya kablo makaras\u0131 ihracat\u0131: d\u00fcz ve k\u00f6\u015fe tip makaralar ile L-tip menhol makaras\u0131, d\u00fc\u015f\u00fck s\u00fcrt\u00fcnme ve g\u00fcvenli yeralt\u0131 kablo d\u00f6\u015feme i\u00e7in \u00fcretildi.","breadcrumb":{"@id":"https:\/\/globalcablecenter.com\/tr\/blog\/slovenya-kablo-makarasi-ihracati\/#breadcrumb"},"inLanguage":"tr","potentialAction":[{"@type":"ReadAction","target":["https:\/\/globalcablecenter.com\/tr\/blog\/slovenya-kablo-makarasi-ihracati\/"]}]},{"@type":"ImageObject","inLanguage":"tr","@id":"https:\/\/globalcablecenter.com\/tr\/blog\/slovenya-kablo-makarasi-ihracati\/#primaryimage","url":"https:\/\/globalcablecenter.com\/wp-content\/uploads\/2025\/07\/Slovenia.jpg","contentUrl":"https:\/\/globalcablecenter.com\/wp-content\/uploads\/2025\/07\/Slovenia.jpg","width":1290,"height":1612},{"@type":"BreadcrumbList","@id":"https:\/\/globalcablecenter.com\/tr\/blog\/slovenya-kablo-makarasi-ihracati\/#breadcrumb","itemListElement":[{"@type":"ListItem","position":1,"name":"Ana Sayfa","item":"https:\/\/globalcablecenter.com\/"},{"@type":"ListItem","position":2,"name":"SLOVENYA\u2019YA YEN\u0130 TESL\u0130MAT: ZEK\u0130 ALTYAPI MONTAJI \u0130\u00c7\u0130N KABLO MAKARALARI VE L T\u0130P MENHOL A\u011eIZ EK\u0130PMANLARI"}]},{"@type":"WebSite","@id":"https:\/\/globalcablecenter.com\/#website","url":"https:\/\/globalcablecenter.com\/","name":"GCC - Global Cable Center","description":"Global Solutions for Cable Installation","potentialAction":[{"@type":"SearchAction","target":{"@type":"EntryPoint","urlTemplate":"https:\/\/globalcablecenter.com\/?s={search_term_string}"},"query-input":{"@type":"PropertyValueSpecification","valueRequired":true,"valueName":"search_term_string"}}],"inLanguage":"tr"},{"@type":"Person","@id":"https:\/\/globalcablecenter.com\/#\/schema\/person\/9c3515bc62df0ad27e6d1e1297c51d24","name":"globalcablecenter","image":{"@type":"ImageObject","inLanguage":"tr","@id":"https:\/\/secure.gravatar.com\/avatar\/f36f2f727bcdacf0948769e1274b32c4da0d353f2536c1d104ec2b6fcca37e19?s=96&d=mm&r=g","url":"https:\/\/secure.gravatar.com\/avatar\/f36f2f727bcdacf0948769e1274b32c4da0d353f2536c1d104ec2b6fcca37e19?s=96&d=mm&r=g","contentUrl":"https:\/\/secure.gravatar.com\/avatar\/f36f2f727bcdacf0948769e1274b32c4da0d353f2536c1d104ec2b6fcca37e19?s=96&d=mm&r=g","caption":"globalcablecenter"},"sameAs":["https:\/\/globalcablecenter.com"],"url":"https:\/\/globalcablecenter.com\/tr\/blog\/author\/globalcable\/"}]}},"_links":{"self":[{"href":"https:\/\/globalcablecenter.com\/tr\/wp-json\/wp\/v2\/posts\/35115","targetHints":{"allow":["GET"]}}],"collection":[{"href":"https:\/\/globalcablecenter.com\/tr\/wp-json\/wp\/v2\/posts"}],"about":[{"href":"https:\/\/globalcablecenter.com\/tr\/wp-json\/wp\/v2\/types\/post"}],"author":[{"embeddable":true,"href":"https:\/\/globalcablecenter.com\/tr\/wp-json\/wp\/v2\/users\/1"}],"replies":[{"embeddable":true,"href":"https:\/\/globalcablecenter.com\/tr\/wp-json\/wp\/v2\/comments?post=35115"}],"version-history":[{"count":4,"href":"https:\/\/globalcablecenter.com\/tr\/wp-json\/wp\/v2\/posts\/35115\/revisions"}],"predecessor-version":[{"id":35119,"href":"https:\/\/globalcablecenter.com\/tr\/wp-json\/wp\/v2\/posts\/35115\/revisions\/35119"}],"wp:featuredmedia":[{"embeddable":true,"href":"https:\/\/globalcablecenter.com\/tr\/wp-json\/wp\/v2\/media\/35082"}],"wp:attachment":[{"href":"https:\/\/globalcablecenter.com\/tr\/wp-json\/wp\/v2\/media?parent=35115"}],"wp:term":[{"taxonomy":"category","embeddable":true,"href":"https:\/\/globalcablecenter.com\/tr\/wp-json\/wp\/v2\/categories?post=35115"},{"taxonomy":"post_tag","embeddable":true,"href":"https:\/\/globalcablecenter.com\/tr\/wp-json\/wp\/v2\/tags?post=35115"}],"curies":[{"name":"wp","href":"https:\/\/api.w.org\/{rel}","templated":true}]}}